[{"@context":"https:\/\/schema.org\/","@type":"Article","@id":"https:\/\/www.plakatt.cz\/jak-vyuzit-prostor-kolem-schodiste\/#Article","mainEntityOfPage":"https:\/\/www.plakatt.cz\/jak-vyuzit-prostor-kolem-schodiste\/","headline":"Jak vyu\u017e\u00edt prostor kolem schodi\u0161t\u011b?","name":"Jak vyu\u017e\u00edt prostor kolem schodi\u0161t\u011b?","description":"I mal\u00e9 a na prvn\u00ed pohled nev\u00fdrazn\u00e9 schodi\u0161t\u011b si zaslou\u017e\u00ed p\u0159eci jenom trochu pozornosti. I tento prostor se rozhodn\u011b d\u00e1 vyzdobit rafinovan\u00fdmi prvky, kter\u00e9 dodaj\u00ed &hellip; ","datePublished":"2020-05-10","dateModified":"2023-05-31","author":{"@type":"Person","@id":"https:\/\/www.plakatt.cz\/author\/#Person","name":"","url":"https:\/\/www.plakatt.cz\/author\/","identifier":1,"image":{"@type":"ImageObject","@id":"https:\/\/secure.gravatar.com\/avatar\/4ae18345300f35922a2a7b2caa17564b68acab8514eff939a8a019efde378c24?s=96&d=mm&r=g","url":"https:\/\/secure.gravatar.com\/avatar\/4ae18345300f35922a2a7b2caa17564b68acab8514eff939a8a019efde378c24?s=96&d=mm&r=g","height":96,"width":96}},"publisher":{"@type":"Organization","name":"plakatt.cz","logo":{"@type":"ImageObject","@id":"\/logo.png","url":"\/logo.png","width":600,"height":60}},"image":{"@type":"ImageObject","@id":"https:\/\/www.plakatt.cz\/wp-content\/uploads\/d%C5%99ev%C4%9Bn%C3%A9%20schodi%C5%A1t%C4%9B.jpg","url":"https:\/\/www.plakatt.cz\/wp-content\/uploads\/d%C5%99ev%C4%9Bn%C3%A9%20schodi%C5%A1t%C4%9B.jpg","height":0,"width":0},"url":"https:\/\/www.plakatt.cz\/jak-vyuzit-prostor-kolem-schodiste\/","about":["Zbo\u017e\u00ed"],"wordCount":384,"articleBody":"   I mal\u00e9 a na prvn\u00ed pohled nev\u00fdrazn\u00e9 schodi\u0161t\u011b si zaslou\u017e\u00ed p\u0159eci jenom trochu pozornosti. I tento prostor se rozhodn\u011b d\u00e1 vyzdobit rafinovan\u00fdmi prvky, kter\u00e9 dodaj\u00ed schodi\u0161\u0165ov\u00e9mu prostoru \u00fapln\u011b jin\u00fd rozm\u011br. Proto v\u00e1m dnes uk\u00e1\u017eeme n\u011bkolik zaru\u010den\u00fdch tip\u016f a trik\u016f, kter\u00e9 dok\u00e1\u017e\u00ed s t\u00edmto prostorem doslova z\u00e1zraky.Sv\u011btl\u00e9 barvy dok\u00e1\u017e\u00ed kr\u00e1sn\u011b pracovat s prostoremMilujte akrylov\u00e9 barvy? Pro\u010d je nevyu\u017e\u00edt pr\u00e1v\u011b na prostor kolem schodi\u0161t\u011b Kmkdesign nebo i na v\u00fdmalbu jednotliv\u00fdch schodi\u0161\u0165ov\u00fdch stup\u0148\u016f. Pokud tedy d\u00e1v\u00e1te p\u0159ednost modern\u00edm interi\u00e9r\u016fm a rozhodn\u011b nepat\u0159\u00edte mezi jedince, kte\u0159\u00ed sv\u00fdm n\u00e1pad\u016fm nedaj\u00ed re\u00e1ln\u00fd obraz, vzh\u016fru do toho! D\u0159ev\u011bn\u00e1 konstrukce p\u0159eci nemus\u00ed b\u00fdt nutn\u011b v p\u0159\u00edrodn\u00edm dekoru, akrylov\u00e9 barvy dok\u00e1\u017e\u00ed se schodi\u0161t\u011bm hotov\u00e9 z\u00e1zraky. Hod\u00ed se v\u00e1m do interi\u00e9ru nap\u0159\u00edklad modr\u00e1 barva, tak pro\u010d by nemohla b\u00fdt cel\u00e1 konstrukce schodi\u0161t\u011b nat\u0159en\u00e1 pr\u00e1v\u011b touto barvou? Pokud si p\u0159eci jenom netrouf\u00e1te nat\u0159\u00edt celou konstrukci bl\u00e1znivou barvu, bohat\u011b posta\u010d\u00ed vhodn\u011b zvolen\u00fd koberec, kter\u00fd se bude voln\u011b plazit po jednotliv\u00fdch schodi\u0161\u0165ov\u00fdch stupn\u00edch. Dbejte v\u0161ak zejm\u00e9na na bezpe\u010dnost a koberec k jednotliv\u00fdm schod\u016fm dob\u0159e p\u0159ipevn\u011bte. Mal\u00e9 a \u00fazk\u00e9 prostory miluj\u00ed sv\u011btle barvy, takov\u00fdm prostorem je bezesporu i okol\u00ed schodi\u0161t\u011b. Sv\u011btl\u00e9 barvy dok\u00e1\u017e\u00ed m\u00edstnost opticky zv\u011bt\u0161it a dodat j\u00ed punc elegance. Je to pr\u00e1v\u011b schodi\u0161t\u011b, kde bychom m\u011bli db\u00e1t o celkovou bezpe\u010dnost, dobr\u00e9 sv\u011bteln\u00e9 podm\u00ednky jsou tedy z\u00e1kladn\u00edm p\u0159edpokladem. P\u0159\u00edm\u00e9 denn\u00ed sv\u011btlo nebo alespo\u0148 to um\u011bl\u00e9 by m\u011blo b\u00fdt d\u016fmysln\u011b \u0159e\u0161eno centr\u00e1ln\u00edm osv\u011btlen\u00edm s p\u0159\u00eddavn\u00fdmi bodov\u00fdmi sv\u00edtidly pro osv\u011btlen\u00ed jednotliv\u00fdch schodi\u0161\u0165ov\u00fdch stup\u0148\u016f. Prostor pod schodi\u0161t\u011bm m\u016f\u017ee slou\u017eit i jako d\u016fmysln\u00e1 skr\u00fd\u0161 pro sez\u00f3nn\u00ed oble\u010den\u00ed, r\u016fzn\u00e9 drobnosti, spole\u010densk\u00e9 hry atd. Otev\u0159en\u00fd p\u016fdorys m\u016f\u017ee zase schodi\u0161ti p\u0159in\u00e9st \u00fapln\u011b jin\u00fd rozm\u011br, otev\u0159\u00edt a propojit jednotliv\u00e9 \u010d\u00e1sti domu.                                                                                                                                                                                                                                                                                                                                                                                           4.2\/5 - (8 votes)        "},{"@context":"https:\/\/schema.org\/","@type":"BreadcrumbList","itemListElement":[{"@type":"ListItem","position":1,"name":"Jak vyu\u017e\u00edt prostor kolem schodi\u0161t\u011b?","item":"https:\/\/www.plakatt.cz\/jak-vyuzit-prostor-kolem-schodiste\/#breadcrumbitem"}]}]