[{"@context":"https:\/\/schema.org\/","@type":"Article","@id":"https:\/\/www.plakatt.cz\/kdo-ma-bazen-ma-stesti\/#Article","mainEntityOfPage":"https:\/\/www.plakatt.cz\/kdo-ma-bazen-ma-stesti\/","headline":"Kdo m\u00e1 baz\u00e9n, m\u00e1 \u0161t\u011bst\u00ed","name":"Kdo m\u00e1 baz\u00e9n, m\u00e1 \u0161t\u011bst\u00ed","description":"Lid\u00e9, kte\u0159\u00ed neznaj\u00ed realitu, se mi nejednou div\u00ed, jak je mo\u017en\u00e9, \u017ee v \u010dervenci a srpnu vcelku pravideln\u00e9 l\u00e9t\u00e1m do Ji\u017en\u00ed Afriky, ale tam obvykle &hellip; ","datePublished":"2022-07-15","dateModified":"2022-07-15","author":{"@type":"Person","@id":"https:\/\/www.plakatt.cz\/author\/#Person","name":"","url":"https:\/\/www.plakatt.cz\/author\/","identifier":1,"image":{"@type":"ImageObject","@id":"https:\/\/secure.gravatar.com\/avatar\/4ae18345300f35922a2a7b2caa17564b68acab8514eff939a8a019efde378c24?s=96&d=mm&r=g","url":"https:\/\/secure.gravatar.com\/avatar\/4ae18345300f35922a2a7b2caa17564b68acab8514eff939a8a019efde378c24?s=96&d=mm&r=g","height":96,"width":96}},"publisher":{"@type":"Organization","name":"plakatt.cz","logo":{"@type":"ImageObject","@id":"\/logo.png","url":"\/logo.png","width":600,"height":60}},"image":{"@type":"ImageObject","@id":"https:\/\/www.plakatt.cz\/wp-content\/uploads\/balonky%20v%20baz%C3%A9nu.jpg","url":"https:\/\/www.plakatt.cz\/wp-content\/uploads\/balonky%20v%20baz%C3%A9nu.jpg","height":0,"width":0},"url":"https:\/\/www.plakatt.cz\/kdo-ma-bazen-ma-stesti\/","about":["Politika"],"wordCount":417,"articleBody":"   Lid\u00e9, kte\u0159\u00ed neznaj\u00ed realitu, se mi nejednou div\u00ed, jak je mo\u017en\u00e9, \u017ee v \u010dervenci a srpnu vcelku pravideln\u00e9 l\u00e9t\u00e1m do Ji\u017en\u00ed Afriky, ale tam obvykle ani jednou nevlezu do baz\u00e9nu. Nech\u00e1pou, jak to tam m\u016f\u017eu bez takov\u00e9ho koup\u00e1n\u00ed se vydr\u017eet, kdy\u017e i oni tady v Evrop\u011b vesm\u011bs tonou v potu. Nedoch\u00e1z\u00ed jim, \u017ee v dob\u011b na\u0161eho l\u00e9ta maj\u00ed na ji\u017en\u00ed polokouli zimu, a i kdy\u017e nen\u00ed africk\u00e1 zima v \u017e\u00e1dn\u00e9m p\u0159\u00edpad\u011b srovnateln\u00e1 se zimou na\u0161\u00ed, na koup\u00e1n\u00ed to tam v\u011bt\u0161inou nen\u00ed.Ale tit\u00ed\u017e lid\u00e9 velice dob\u0159e ch\u00e1pou, pro\u010d potom po n\u00e1vratu obvykle nevylezu z baz\u00e9nu, dokud nejsem pomalu rozpu\u0161t\u011bn\u00fd. Proto\u017ee v\u00ed, co to je horko, a jestli jim n\u011bco nedoch\u00e1z\u00ed, je to jedin\u011b to, \u017ee je to pro m\u011b je\u0161t\u011b hor\u0161\u00ed kv\u016fli n\u00e1vratu ze zm\u00edn\u011bn\u00fdch chladn\u00fdch m\u00edst bezprost\u0159edn\u011b do na\u0161ich letn\u00edch veder. Kdy je horko obzvl\u00e1\u0161\u0165 tr\u00fdzniv\u00e9.Zkr\u00e1tka a dob\u0159e pat\u0159\u00ed horko a baz\u00e9n k sob\u011b. A tak nen\u00ed nic divn\u00e9ho na tom, \u017ee lid\u00e9, kte\u0159\u00ed maj\u00ed tu mo\u017enost, n\u011bjak\u00fd baz\u00e9n vlastn\u00ed. Aby se mohli osv\u011b\u017eit, kdykoliv si to tito jenom umanou. A pokud u\u017e \u017e\u00e1dn\u00fd baz\u00e9n nemaj\u00ed, pak po n\u011bm uprost\u0159ed l\u00e9ta aspo\u0148 tou\u017e\u00ed. Proto\u017ee ti, kdo maj\u00ed t\u0159eba venkovn\u00ed baz\u00e9ny zapu\u0161t\u011bn\u00e9 ve sv\u00e9 zahrad\u011b, nechod\u00ed s jazykem na vest\u011b, jak se \u0159\u00edk\u00e1, netrp\u00ed vedrem a dusnem, ale vedou daleko spokojen\u011bj\u0161\u00ed \u017eivot. Do doby, ne\u017e se zase ochlad\u00ed.A kdy\u017e n\u011bkdo nem\u00e1 podobn\u00fd baz\u00e9n a jenom z\u00e1vistiv\u011b pokukuje po sousedovi, kter\u00fd ho m\u00e1? Pak doty\u010dn\u00fd z\u00e1vid\u00ed vlastn\u011b \u00fapln\u011b zbyte\u010dn\u011b. Proto\u017ee kdyby cht\u011bl, m\u016f\u017ee m\u00edt svoji vlastn\u00ed podobnou vodn\u00ed n\u00e1dr\u017e tak\u00e9. A tak\u00e9 se v n\u00ed m\u016f\u017ee osv\u011b\u017eovat dle libosti. Proto\u017ee dnes u\u017e u n\u00e1s m\u00e1me dost prodejc\u016f baz\u00e9n\u016f a dodavatel\u016f v\u0161eho, co k t\u011bmto n\u00e1le\u017e\u00ed, a tak nejsme odk\u00e1zan\u00ed ani na ve\u0159ejn\u00e9 pl\u00e1\u017ee, ani na utrpen\u00ed ve vedru. Ka\u017ed\u00fd se u n\u00e1s m\u016f\u017ee koupat dle libosti ve sv\u00e9m baz\u00e9nu, a sta\u010d\u00ed mu k tomu vlastn\u011b jenom m\u00edsto, kam by si ho um\u00edstil, a pen\u00edze na jeho koupi. Je\u017e nemus\u00ed b\u00fdt nijak z\u00e1vratn\u00e9.                                                                                                                                                                                                                                                                                                                                                                                          3.5\/5 - (2 votes)        "},{"@context":"https:\/\/schema.org\/","@type":"BreadcrumbList","itemListElement":[{"@type":"ListItem","position":1,"name":"Kdo m\u00e1 baz\u00e9n, m\u00e1 \u0161t\u011bst\u00ed","item":"https:\/\/www.plakatt.cz\/kdo-ma-bazen-ma-stesti\/#breadcrumbitem"}]}]