[{"@context":"https:\/\/schema.org\/","@type":"Blog","@id":"https:\/\/www.plakatt.cz#Blog","headline":"Plakatt","description":"\nO na\u0161em webu ur\u010dit\u011b netvrd\u00edme, \u017ee za v\u00e1s vy\u0159e\u0161\u00ed v\u0161echny va\u0161e starosti. Ale jsme pevn\u011b p\u0159esv\u011bd\u010deni, \u017ee v\u00e1m s takov\u00fdm \u0159e\u0161en\u00edm bude pom\u00e1hat ze v\u0161ech sil.","url":"https:\/\/www.plakatt.cz","hasPart":[{"@type":"Article","@id":"https:\/\/www.plakatt.cz\/pujcka-pro-kazdeho\/","headline":"P\u016fj\u010dka pro ka\u017ed\u00e9ho","url":"https:\/\/www.plakatt.cz\/pujcka-pro-kazdeho\/","datePublished":"2020-06-22","dateModified":"2023-05-31","mainEntityOfPage":"https:\/\/www.plakatt.cz\/pujcka-pro-kazdeho\/","author":{"@type":"Person","@id":"https:\/\/www.plakatt.cz\/author\/#Person","name":"","url":"https:\/\/www.plakatt.cz\/author\/","identifier":1,"image":{"@type":"ImageObject","@id":"https:\/\/secure.gravatar.com\/avatar\/4ae18345300f35922a2a7b2caa17564b68acab8514eff939a8a019efde378c24?s=96&d=mm&r=g","url":"https:\/\/secure.gravatar.com\/avatar\/4ae18345300f35922a2a7b2caa17564b68acab8514eff939a8a019efde378c24?s=96&d=mm&r=g","height":96,"width":96}},"publisher":{"@type":"Organization","name":"plakatt.cz","logo":{"@type":"ImageObject","@id":"\/logo.png","url":"\/logo.png","width":600,"height":60}},"image":{"@type":"ImageObject","@id":"https:\/\/www.plakatt.cz\/wp-content\/uploads\/art383723_1x1_20260817_083945_Bg76Sr.jpg","url":"https:\/\/www.plakatt.cz\/wp-content\/uploads\/art383723_1x1_20260817_083945_Bg76Sr.jpg","height":0,"width":0},"wordCount":582,"keywords":null},{"@type":"Article","@id":"https:\/\/www.plakatt.cz\/morska-sul-zastoupi-chlornan-sodny-v-bazenech\/","headline":"Mo\u0159sk\u00e1 s\u016fl zastoup\u00ed chlornan sodn\u00fd v baz\u00e9nech","url":"https:\/\/www.plakatt.cz\/morska-sul-zastoupi-chlornan-sodny-v-bazenech\/","datePublished":"2020-06-20","dateModified":"2023-05-31","mainEntityOfPage":"https:\/\/www.plakatt.cz\/morska-sul-zastoupi-chlornan-sodny-v-bazenech\/","author":{"@type":"Person","@id":"https:\/\/www.plakatt.cz\/author\/#Person","name":"","url":"https:\/\/www.plakatt.cz\/author\/","identifier":1,"image":{"@type":"ImageObject","@id":"https:\/\/secure.gravatar.com\/avatar\/4ae18345300f35922a2a7b2caa17564b68acab8514eff939a8a019efde378c24?s=96&d=mm&r=g","url":"https:\/\/secure.gravatar.com\/avatar\/4ae18345300f35922a2a7b2caa17564b68acab8514eff939a8a019efde378c24?s=96&d=mm&r=g","height":96,"width":96}},"publisher":{"@type":"Organization","name":"plakatt.cz","logo":{"@type":"ImageObject","@id":"\/logo.png","url":"\/logo.png","width":600,"height":60}},"image":{"@type":"ImageObject","@id":"https:\/\/www.plakatt.cz\/wp-content\/uploads\/art382619_3x2_20260821_024455_ni2tme.jpg","url":"https:\/\/www.plakatt.cz\/wp-content\/uploads\/art382619_3x2_20260821_024455_ni2tme.jpg","height":0,"width":0},"wordCount":538,"keywords":null},{"@type":"Article","@id":"https:\/\/www.plakatt.cz\/co-vsechno-se-o-sobe-muzete-dozvedet-na-terapii\/","headline":"Co v\u0161echno se o sob\u011b m\u016f\u017eete dozv\u011bd\u011bt na terapii","url":"https:\/\/www.plakatt.cz\/co-vsechno-se-o-sobe-muzete-dozvedet-na-terapii\/","datePublished":"2020-06-20","dateModified":"2023-11-14","mainEntityOfPage":"https:\/\/www.plakatt.cz\/co-vsechno-se-o-sobe-muzete-dozvedet-na-terapii\/","author":{"@type":"Person","@id":"https:\/\/www.plakatt.cz\/author\/#Person","name":"","url":"https:\/\/www.plakatt.cz\/author\/","identifier":1,"image":{"@type":"ImageObject","@id":"https:\/\/secure.gravatar.com\/avatar\/4ae18345300f35922a2a7b2caa17564b68acab8514eff939a8a019efde378c24?s=96&d=mm&r=g","url":"https:\/\/secure.gravatar.com\/avatar\/4ae18345300f35922a2a7b2caa17564b68acab8514eff939a8a019efde378c24?s=96&d=mm&r=g","height":96,"width":96}},"publisher":{"@type":"Organization","name":"plakatt.cz","logo":{"@type":"ImageObject","@id":"\/logo.png","url":"\/logo.png","width":600,"height":60}},"image":{"@type":"ImageObject","@id":"https:\/\/www.plakatt.cz\/wp-content\/uploads\/puzzle%20v%20mozku.png","url":"https:\/\/www.plakatt.cz\/wp-content\/uploads\/puzzle%20v%20mozku.png","height":0,"width":0},"wordCount":597,"keywords":null},{"@type":"Article","@id":"https:\/\/www.plakatt.cz\/jak-vyuzit-prostor-kolem-schodiste\/","headline":"Jak vyu\u017e\u00edt prostor kolem schodi\u0161t\u011b?","url":"https:\/\/www.plakatt.cz\/jak-vyuzit-prostor-kolem-schodiste\/","datePublished":"2020-05-10","dateModified":"2023-05-31","mainEntityOfPage":"https:\/\/www.plakatt.cz\/jak-vyuzit-prostor-kolem-schodiste\/","author":{"@type":"Person","@id":"https:\/\/www.plakatt.cz\/author\/#Person","name":"","url":"https:\/\/www.plakatt.cz\/author\/","identifier":1,"image":{"@type":"ImageObject","@id":"https:\/\/secure.gravatar.com\/avatar\/4ae18345300f35922a2a7b2caa17564b68acab8514eff939a8a019efde378c24?s=96&d=mm&r=g","url":"https:\/\/secure.gravatar.com\/avatar\/4ae18345300f35922a2a7b2caa17564b68acab8514eff939a8a019efde378c24?s=96&d=mm&r=g","height":96,"width":96}},"publisher":{"@type":"Organization","name":"plakatt.cz","logo":{"@type":"ImageObject","@id":"\/logo.png","url":"\/logo.png","width":600,"height":60}},"image":{"@type":"ImageObject","@id":"https:\/\/www.plakatt.cz\/wp-content\/uploads\/art380310_3x2_20260822_115327_6CWaMU.jpg","url":"https:\/\/www.plakatt.cz\/wp-content\/uploads\/art380310_3x2_20260822_115327_6CWaMU.jpg","height":0,"width":0},"wordCount":518,"keywords":null},{"@type":"Article","@id":"https:\/\/www.plakatt.cz\/jak-vytvorit-utulny-domov\/","headline":"Jak vytvo\u0159it \u00fatuln\u00fd domov?","url":"https:\/\/www.plakatt.cz\/jak-vytvorit-utulny-domov\/","datePublished":"2020-05-09","dateModified":"2023-05-31","mainEntityOfPage":"https:\/\/www.plakatt.cz\/jak-vytvorit-utulny-domov\/","author":{"@type":"Person","@id":"https:\/\/www.plakatt.cz\/author\/#Person","name":"","url":"https:\/\/www.plakatt.cz\/author\/","identifier":1,"image":{"@type":"ImageObject","@id":"https:\/\/secure.gravatar.com\/avatar\/4ae18345300f35922a2a7b2caa17564b68acab8514eff939a8a019efde378c24?s=96&d=mm&r=g","url":"https:\/\/secure.gravatar.com\/avatar\/4ae18345300f35922a2a7b2caa17564b68acab8514eff939a8a019efde378c24?s=96&d=mm&r=g","height":96,"width":96}},"publisher":{"@type":"Organization","name":"plakatt.cz","logo":{"@type":"ImageObject","@id":"\/logo.png","url":"\/logo.png","width":600,"height":60}},"image":{"@type":"ImageObject","@id":"https:\/\/www.plakatt.cz\/wp-content\/uploads\/img_a376786_w4218_t1588660262.jpg","url":"https:\/\/www.plakatt.cz\/wp-content\/uploads\/img_a376786_w4218_t1588660262.jpg","height":0,"width":0},"wordCount":580,"keywords":null},{"@type":"Article","@id":"https:\/\/www.plakatt.cz\/system-hlida-i-nase-zeleznice\/","headline":"Syst\u00e9m hl\u00edd\u00e1 i na\u0161e \u017eeleznice","url":"https:\/\/www.plakatt.cz\/system-hlida-i-nase-zeleznice\/","datePublished":"2020-04-13","dateModified":"2024-01-04","mainEntityOfPage":"https:\/\/www.plakatt.cz\/system-hlida-i-nase-zeleznice\/","author":{"@type":"Person","@id":"https:\/\/www.plakatt.cz\/author\/#Person","name":"","url":"https:\/\/www.plakatt.cz\/author\/","identifier":1,"image":{"@type":"ImageObject","@id":"https:\/\/secure.gravatar.com\/avatar\/4ae18345300f35922a2a7b2caa17564b68acab8514eff939a8a019efde378c24?s=96&d=mm&r=g","url":"https:\/\/secure.gravatar.com\/avatar\/4ae18345300f35922a2a7b2caa17564b68acab8514eff939a8a019efde378c24?s=96&d=mm&r=g","height":96,"width":96}},"publisher":{"@type":"Organization","name":"plakatt.cz","logo":{"@type":"ImageObject","@id":"\/logo.png","url":"\/logo.png","width":600,"height":60}},"image":{"@type":"ImageObject","@id":"https:\/\/www.plakatt.cz\/wp-content\/uploads\/vlak.jpg","url":"https:\/\/www.plakatt.cz\/wp-content\/uploads\/vlak.jpg","height":0,"width":0},"wordCount":541,"keywords":null},{"@type":"Article","@id":"https:\/\/www.plakatt.cz\/je-vhodne-kombinovat-kanabidiol-a-alkohol\/","headline":"Je vhodn\u00e9 kombinovat kanabidiol a alkohol?","url":"https:\/\/www.plakatt.cz\/je-vhodne-kombinovat-kanabidiol-a-alkohol\/","datePublished":"2020-04-12","dateModified":"2023-05-31","mainEntityOfPage":"https:\/\/www.plakatt.cz\/je-vhodne-kombinovat-kanabidiol-a-alkohol\/","author":{"@type":"Person","@id":"https:\/\/www.plakatt.cz\/author\/#Person","name":"","url":"https:\/\/www.plakatt.cz\/author\/","identifier":1,"image":{"@type":"ImageObject","@id":"https:\/\/secure.gravatar.com\/avatar\/4ae18345300f35922a2a7b2caa17564b68acab8514eff939a8a019efde378c24?s=96&d=mm&r=g","url":"https:\/\/secure.gravatar.com\/avatar\/4ae18345300f35922a2a7b2caa17564b68acab8514eff939a8a019efde378c24?s=96&d=mm&r=g","height":96,"width":96}},"publisher":{"@type":"Organization","name":"plakatt.cz","logo":{"@type":"ImageObject","@id":"\/logo.png","url":"\/logo.png","width":600,"height":60}},"image":{"@type":"ImageObject","@id":"https:\/\/www.plakatt.cz\/wp-content\/uploads\/img_a376526_w4218_t1588064366.jpg","url":"https:\/\/www.plakatt.cz\/wp-content\/uploads\/img_a376526_w4218_t1588064366.jpg","height":0,"width":0},"wordCount":480,"keywords":null},{"@type":"Article","@id":"https:\/\/www.plakatt.cz\/osvedcene-tipy-bytovych-architektu-pro-dokonaly-domov\/","headline":"Osv\u011bd\u010den\u00e9 tipy bytov\u00fdch architekt\u016f pro dokonal\u00fd domov","url":"https:\/\/www.plakatt.cz\/osvedcene-tipy-bytovych-architektu-pro-dokonaly-domov\/","datePublished":"2020-04-11","dateModified":"2023-05-31","mainEntityOfPage":"https:\/\/www.plakatt.cz\/osvedcene-tipy-bytovych-architektu-pro-dokonaly-domov\/","author":{"@type":"Person","@id":"https:\/\/www.plakatt.cz\/author\/#Person","name":"","url":"https:\/\/www.plakatt.cz\/author\/","identifier":1,"image":{"@type":"ImageObject","@id":"https:\/\/secure.gravatar.com\/avatar\/4ae18345300f35922a2a7b2caa17564b68acab8514eff939a8a019efde378c24?s=96&d=mm&r=g","url":"https:\/\/secure.gravatar.com\/avatar\/4ae18345300f35922a2a7b2caa17564b68acab8514eff939a8a019efde378c24?s=96&d=mm&r=g","height":96,"width":96}},"publisher":{"@type":"Organization","name":"plakatt.cz","logo":{"@type":"ImageObject","@id":"\/logo.png","url":"\/logo.png","width":600,"height":60}},"image":{"@type":"ImageObject","@id":"https:\/\/www.plakatt.cz\/wp-content\/uploads\/Star%C3%BD%20gramofon.jpg","url":"https:\/\/www.plakatt.cz\/wp-content\/uploads\/Star%C3%BD%20gramofon.jpg","height":0,"width":0},"wordCount":570,"keywords":null},{"@type":"Article","@id":"https:\/\/www.plakatt.cz\/vstup-do-nato-nas-definitivne-ukotvil-v-demokratickem-svete\/","headline":"Vstup do NATO n\u00e1s definitivn\u011b ukotvil v demokratick\u00e9m sv\u011bt\u011b","url":"https:\/\/www.plakatt.cz\/vstup-do-nato-nas-definitivne-ukotvil-v-demokratickem-svete\/","datePublished":"2020-03-25","dateModified":"2023-05-31","mainEntityOfPage":"https:\/\/www.plakatt.cz\/vstup-do-nato-nas-definitivne-ukotvil-v-demokratickem-svete\/","author":{"@type":"Person","@id":"https:\/\/www.plakatt.cz\/author\/#Person","name":"","url":"https:\/\/www.plakatt.cz\/author\/","identifier":1,"image":{"@type":"ImageObject","@id":"https:\/\/secure.gravatar.com\/avatar\/4ae18345300f35922a2a7b2caa17564b68acab8514eff939a8a019efde378c24?s=96&d=mm&r=g","url":"https:\/\/secure.gravatar.com\/avatar\/4ae18345300f35922a2a7b2caa17564b68acab8514eff939a8a019efde378c24?s=96&d=mm&r=g","height":96,"width":96}},"publisher":{"@type":"Organization","name":"plakatt.cz","logo":{"@type":"ImageObject","@id":"\/logo.png","url":"\/logo.png","width":600,"height":60}},"image":{"@type":"ImageObject","@id":"https:\/\/www.plakatt.cz\/wp-content\/uploads\/img_a372657_w4218_t1584083728.png","url":"https:\/\/www.plakatt.cz\/wp-content\/uploads\/img_a372657_w4218_t1584083728.png","height":0,"width":0},"wordCount":639,"keywords":null},{"@type":"Article","@id":"https:\/\/www.plakatt.cz\/cisteni-calouneni-praha\/","headline":"\u010ci\u0161t\u011bn\u00ed \u010daloun\u011bn\u00ed Praha","url":"https:\/\/www.plakatt.cz\/cisteni-calouneni-praha\/","datePublished":"2020-03-21","dateModified":"2023-05-31","mainEntityOfPage":"https:\/\/www.plakatt.cz\/cisteni-calouneni-praha\/","author":{"@type":"Person","@id":"https:\/\/www.plakatt.cz\/author\/#Person","name":"","url":"https:\/\/www.plakatt.cz\/author\/","identifier":1,"image":{"@type":"ImageObject","@id":"https:\/\/secure.gravatar.com\/avatar\/4ae18345300f35922a2a7b2caa17564b68acab8514eff939a8a019efde378c24?s=96&d=mm&r=g","url":"https:\/\/secure.gravatar.com\/avatar\/4ae18345300f35922a2a7b2caa17564b68acab8514eff939a8a019efde378c24?s=96&d=mm&r=g","height":96,"width":96}},"publisher":{"@type":"Organization","name":"plakatt.cz","logo":{"@type":"ImageObject","@id":"\/logo.png","url":"\/logo.png","width":600,"height":60}},"image":{"@type":"ImageObject","@id":"https:\/\/www.plakatt.cz\/wp-content\/uploads\/cisteni-sedacek-ostrava.jpg","url":"https:\/\/www.plakatt.cz\/wp-content\/uploads\/cisteni-sedacek-ostrava.jpg","height":0,"width":0},"wordCount":722,"keywords":null}]},{"@context":"https:\/\/schema.org","@type":"WebSite","@id":"https:\/\/www.plakatt.cz\/#website","name":"Plakatt","url":"https:\/\/www.plakatt.cz","potentialAction":{"@type":"SearchAction","target":"https:\/\/www.plakatt.cz\/?s={search_term_string}","query-input":"required name=search_term_string"}}]