{"@context":"https:\/\/schema.org\/","@type":"CollectionPage","@id":"https:\/\/www.plakatt.cz\/politika\/#CollectionPage","headline":"Politika Category","description":"","url":"https:\/\/www.plakatt.cz\/politika\/","hasPart":[{"@type":"Article","@id":"https:\/\/www.plakatt.cz\/penize-a-politika\/","headline":"Pen\u00edze a politika","url":"https:\/\/www.plakatt.cz\/penize-a-politika\/","datePublished":"2024-10-25","dateModified":"2024-10-25","mainEntityOfPage":"https:\/\/www.plakatt.cz\/penize-a-politika\/","author":{"@type":"Person","@id":"https:\/\/www.plakatt.cz\/author\/#Person","name":"","url":"https:\/\/www.plakatt.cz\/author\/","identifier":1,"image":{"@type":"ImageObject","@id":"https:\/\/secure.gravatar.com\/avatar\/4ae18345300f35922a2a7b2caa17564b68acab8514eff939a8a019efde378c24?s=96&d=mm&r=g","url":"https:\/\/secure.gravatar.com\/avatar\/4ae18345300f35922a2a7b2caa17564b68acab8514eff939a8a019efde378c24?s=96&d=mm&r=g","height":96,"width":96}},"publisher":{"@type":"Organization","name":"plakatt.cz","logo":{"@type":"ImageObject","@id":"\/logo.png","url":"\/logo.png","width":600,"height":60}},"image":{"@type":"ImageObject","@id":"https:\/\/www.plakatt.cz\/wp-content\/uploads\/bundestag-2463236_640_2.jpg","url":"https:\/\/www.plakatt.cz\/wp-content\/uploads\/bundestag-2463236_640_2.jpg","height":0,"width":0},"keywords":null},{"@type":"Article","@id":"https:\/\/www.plakatt.cz\/tipnete-posledni-cigaretu\/","headline":"T\u00edpn\u011bte posledn\u00ed cigaretu","url":"https:\/\/www.plakatt.cz\/tipnete-posledni-cigaretu\/","datePublished":"2023-06-04","dateModified":"2023-11-14","mainEntityOfPage":"https:\/\/www.plakatt.cz\/tipnete-posledni-cigaretu\/","author":{"@type":"Person","@id":"https:\/\/www.plakatt.cz\/author\/#Person","name":"","url":"https:\/\/www.plakatt.cz\/author\/","identifier":1,"image":{"@type":"ImageObject","@id":"https:\/\/secure.gravatar.com\/avatar\/4ae18345300f35922a2a7b2caa17564b68acab8514eff939a8a019efde378c24?s=96&d=mm&r=g","url":"https:\/\/secure.gravatar.com\/avatar\/4ae18345300f35922a2a7b2caa17564b68acab8514eff939a8a019efde378c24?s=96&d=mm&r=g","height":96,"width":96}},"publisher":{"@type":"Organization","name":"plakatt.cz","logo":{"@type":"ImageObject","@id":"\/logo.png","url":"\/logo.png","width":600,"height":60}},"image":{"@type":"ImageObject","@id":"https:\/\/www.plakatt.cz\/wp-content\/uploads\/pexels-sabrina-rohwer-1896990_1.jpg","url":"https:\/\/www.plakatt.cz\/wp-content\/uploads\/pexels-sabrina-rohwer-1896990_1.jpg","height":0,"width":0},"keywords":null},{"@type":"Article","@id":"https:\/\/www.plakatt.cz\/kdo-ma-bazen-ma-stesti\/","headline":"Kdo m\u00e1 baz\u00e9n, m\u00e1 \u0161t\u011bst\u00ed","url":"https:\/\/www.plakatt.cz\/kdo-ma-bazen-ma-stesti\/","datePublished":"2022-07-15","dateModified":"2022-07-15","mainEntityOfPage":"https:\/\/www.plakatt.cz\/kdo-ma-bazen-ma-stesti\/","author":{"@type":"Person","@id":"https:\/\/www.plakatt.cz\/author\/#Person","name":"","url":"https:\/\/www.plakatt.cz\/author\/","identifier":1,"image":{"@type":"ImageObject","@id":"https:\/\/secure.gravatar.com\/avatar\/4ae18345300f35922a2a7b2caa17564b68acab8514eff939a8a019efde378c24?s=96&d=mm&r=g","url":"https:\/\/secure.gravatar.com\/avatar\/4ae18345300f35922a2a7b2caa17564b68acab8514eff939a8a019efde378c24?s=96&d=mm&r=g","height":96,"width":96}},"publisher":{"@type":"Organization","name":"plakatt.cz","logo":{"@type":"ImageObject","@id":"\/logo.png","url":"\/logo.png","width":600,"height":60}},"image":{"@type":"ImageObject","@id":"https:\/\/www.plakatt.cz\/wp-content\/uploads\/balonky%20v%20baz%C3%A9nu.jpg","url":"https:\/\/www.plakatt.cz\/wp-content\/uploads\/balonky%20v%20baz%C3%A9nu.jpg","height":0,"width":0},"keywords":null},{"@type":"Article","@id":"https:\/\/www.plakatt.cz\/jak-uzivat-psyllium-a-jake-ucinky-ma-na-lidsky-organismus\/","headline":"Jak u\u017e\u00edvat psyllium a jak\u00e9 \u00fa\u010dinky m\u00e1 na lidsk\u00fd organismus","url":"https:\/\/www.plakatt.cz\/jak-uzivat-psyllium-a-jake-ucinky-ma-na-lidsky-organismus\/","datePublished":"2020-12-20","dateModified":"2023-05-31","mainEntityOfPage":"https:\/\/www.plakatt.cz\/jak-uzivat-psyllium-a-jake-ucinky-ma-na-lidsky-organismus\/","author":{"@type":"Person","@id":"https:\/\/www.plakatt.cz\/author\/#Person","name":"","url":"https:\/\/www.plakatt.cz\/author\/","identifier":1,"image":{"@type":"ImageObject","@id":"https:\/\/secure.gravatar.com\/avatar\/4ae18345300f35922a2a7b2caa17564b68acab8514eff939a8a019efde378c24?s=96&d=mm&r=g","url":"https:\/\/secure.gravatar.com\/avatar\/4ae18345300f35922a2a7b2caa17564b68acab8514eff939a8a019efde378c24?s=96&d=mm&r=g","height":96,"width":96}},"publisher":{"@type":"Organization","name":"plakatt.cz","logo":{"@type":"ImageObject","@id":"\/logo.png","url":"\/logo.png","width":600,"height":60}},"image":{"@type":"ImageObject","@id":"https:\/\/www.plakatt.cz\/wp-content\/uploads\/pexels-photo-1458671_2.jpeg","url":"https:\/\/www.plakatt.cz\/wp-content\/uploads\/pexels-photo-1458671_2.jpeg","height":0,"width":0},"keywords":null},{"@type":"Article","@id":"https:\/\/www.plakatt.cz\/vstup-do-nato-nas-definitivne-ukotvil-v-demokratickem-svete\/","headline":"Vstup do NATO n\u00e1s definitivn\u011b ukotvil v demokratick\u00e9m sv\u011bt\u011b","url":"https:\/\/www.plakatt.cz\/vstup-do-nato-nas-definitivne-ukotvil-v-demokratickem-svete\/","datePublished":"2020-03-25","dateModified":"2023-05-31","mainEntityOfPage":"https:\/\/www.plakatt.cz\/vstup-do-nato-nas-definitivne-ukotvil-v-demokratickem-svete\/","author":{"@type":"Person","@id":"https:\/\/www.plakatt.cz\/author\/#Person","name":"","url":"https:\/\/www.plakatt.cz\/author\/","identifier":1,"image":{"@type":"ImageObject","@id":"https:\/\/secure.gravatar.com\/avatar\/4ae18345300f35922a2a7b2caa17564b68acab8514eff939a8a019efde378c24?s=96&d=mm&r=g","url":"https:\/\/secure.gravatar.com\/avatar\/4ae18345300f35922a2a7b2caa17564b68acab8514eff939a8a019efde378c24?s=96&d=mm&r=g","height":96,"width":96}},"publisher":{"@type":"Organization","name":"plakatt.cz","logo":{"@type":"ImageObject","@id":"\/logo.png","url":"\/logo.png","width":600,"height":60}},"image":{"@type":"ImageObject","@id":"https:\/\/www.plakatt.cz\/wp-content\/uploads\/img_a372657_w4218_t1584083728.png","url":"https:\/\/www.plakatt.cz\/wp-content\/uploads\/img_a372657_w4218_t1584083728.png","height":0,"width":0},"keywords":null},{"@type":"Article","@id":"https:\/\/www.plakatt.cz\/jak-chutna-moc\/","headline":"Jak chutn\u00e1 MOC","url":"https:\/\/www.plakatt.cz\/jak-chutna-moc\/","datePublished":"2020-01-15","dateModified":"2023-05-31","mainEntityOfPage":"https:\/\/www.plakatt.cz\/jak-chutna-moc\/","author":{"@type":"Person","@id":"https:\/\/www.plakatt.cz\/author\/#Person","name":"","url":"https:\/\/www.plakatt.cz\/author\/","identifier":1,"image":{"@type":"ImageObject","@id":"https:\/\/secure.gravatar.com\/avatar\/4ae18345300f35922a2a7b2caa17564b68acab8514eff939a8a019efde378c24?s=96&d=mm&r=g","url":"https:\/\/secure.gravatar.com\/avatar\/4ae18345300f35922a2a7b2caa17564b68acab8514eff939a8a019efde378c24?s=96&d=mm&r=g","height":96,"width":96}},"publisher":{"@type":"Organization","name":"plakatt.cz","logo":{"@type":"ImageObject","@id":"\/logo.png","url":"\/logo.png","width":600,"height":60}},"image":{"@type":"ImageObject","@id":"https:\/\/www.plakatt.cz\/wp-content\/uploads\/img_a366943_w4218_t1579428002.jpg","url":"https:\/\/www.plakatt.cz\/wp-content\/uploads\/img_a366943_w4218_t1579428002.jpg","height":0,"width":0},"keywords":null},{"@type":"Article","@id":"https:\/\/www.plakatt.cz\/levne-oleje\/","headline":"Levn\u00e9 oleje","url":"https:\/\/www.plakatt.cz\/levne-oleje\/","datePublished":"2018-07-14","dateModified":"2023-05-31","mainEntityOfPage":"https:\/\/www.plakatt.cz\/levne-oleje\/","author":{"@type":"Person","@id":"https:\/\/www.plakatt.cz\/author\/#Person","name":"","url":"https:\/\/www.plakatt.cz\/author\/","identifier":1,"image":{"@type":"ImageObject","@id":"https:\/\/secure.gravatar.com\/avatar\/4ae18345300f35922a2a7b2caa17564b68acab8514eff939a8a019efde378c24?s=96&d=mm&r=g","url":"https:\/\/secure.gravatar.com\/avatar\/4ae18345300f35922a2a7b2caa17564b68acab8514eff939a8a019efde378c24?s=96&d=mm&r=g","height":96,"width":96}},"publisher":{"@type":"Organization","name":"plakatt.cz","logo":{"@type":"ImageObject","@id":"\/logo.png","url":"\/logo.png","width":600,"height":60}},"image":{"@type":"ImageObject","@id":"https:\/\/www.plakatt.cz\/wp-content\/uploads\/img_a320726_w2274_t1532015468.jpg","url":"https:\/\/www.plakatt.cz\/wp-content\/uploads\/img_a320726_w2274_t1532015468.jpg","height":0,"width":0},"keywords":null}]}