[{"@context":"https:\/\/schema.org\/","@type":"Article","@id":"https:\/\/www.plakatt.cz\/rasenka-pro-citlive-oci\/#Article","mainEntityOfPage":"https:\/\/www.plakatt.cz\/rasenka-pro-citlive-oci\/","headline":"\u0158asenka pro citliv\u00e9 o\u010di","name":"\u0158asenka pro citliv\u00e9 o\u010di","description":"Ne ka\u017ed\u00e1 z n\u00e1s snese l\u00ed\u010den\u00ed b\u011b\u017en\u00fdmi kosmetick\u00fdmi p\u0159\u00edpravky. A p\u0159esto chceme b\u00fdt kr\u00e1sn\u00e9. Kosmetick\u00fd pr\u016fmysl pro n\u00e1s proto p\u0159ipravil takov\u00e9 produkty, kter\u00e9 jsou vhodn\u00e9 &hellip; ","datePublished":"2020-09-16","dateModified":"2023-05-31","author":{"@type":"Person","@id":"https:\/\/www.plakatt.cz\/author\/#Person","name":"","url":"https:\/\/www.plakatt.cz\/author\/","identifier":1,"image":{"@type":"ImageObject","@id":"https:\/\/secure.gravatar.com\/avatar\/4ae18345300f35922a2a7b2caa17564b68acab8514eff939a8a019efde378c24?s=96&d=mm&r=g","url":"https:\/\/secure.gravatar.com\/avatar\/4ae18345300f35922a2a7b2caa17564b68acab8514eff939a8a019efde378c24?s=96&d=mm&r=g","height":96,"width":96}},"publisher":{"@type":"Organization","name":"plakatt.cz","logo":{"@type":"ImageObject","@id":"\/logo.png","url":"\/logo.png","width":600,"height":60}},"image":{"@type":"ImageObject","@id":"https:\/\/www.plakatt.cz\/wp-content\/uploads\/cosmetics-2116367_960_720.jpg","url":"https:\/\/www.plakatt.cz\/wp-content\/uploads\/cosmetics-2116367_960_720.jpg","height":0,"width":0},"url":"https:\/\/www.plakatt.cz\/rasenka-pro-citlive-oci\/","about":["Zbo\u017e\u00ed"],"wordCount":403,"articleBody":" Ne ka\u017ed\u00e1 z n\u00e1s snese l\u00ed\u010den\u00ed b\u011b\u017en\u00fdmi kosmetick\u00fdmi p\u0159\u00edpravky. A p\u0159esto chceme b\u00fdt kr\u00e1sn\u00e9. Kosmetick\u00fd pr\u016fmysl pro n\u00e1s proto p\u0159ipravil takov\u00e9 produkty, kter\u00e9 jsou vhodn\u00e9 i pro \u017eeny s citlivou plet\u00ed a se sklonem k alergi\u00edm. K nim pat\u0159\u00ed i \u0159asenka pro citliv\u00e9 o\u010di. Pokud by \u017eena s citliv\u00fdmi o\u010dima pou\u017eila \u0159asenku b\u011b\u017enou, m\u016f\u017ee doch\u00e1zet k zarudnut\u00ed, slzen\u00ed, \u0161t\u00edp\u00e1n\u00ed, p\u00e1len\u00ed a sv\u011bd\u011bn\u00ed o\u010d\u00ed a jejich okol\u00ed. M\u016f\u017ee se tak\u00e9 objevit nep\u0159\u00edjemn\u00fd t\u011b\u017ek\u00fd, a\u017e bolestiv\u00fd pocit na \u0159as\u00e1ch, v krajn\u00edch p\u0159\u00edpadech se stalo, \u017ee se \u0159asy l\u00e1maly \u010di dokonce padaly. \u0158asenka pro citliv\u00e9 o\u010di v\u00e1s t\u011bchto obt\u00ed\u017e\u00ed nav\u017edy zbav\u00ed. Poch\u00e1z\u00ed z \u0159ady p\u0159\u00edrodn\u00ed kosmetiky a je vyrobena \u010dist\u011b na rostlinn\u00e9 b\u00e1zi, bez chemick\u00fdch p\u0159\u00edsad. A p\u0159itom zastane v\u0161echno to, co se od n\u00ed o\u010dek\u00e1v\u00e1 \u2013 prodlu\u017euje a zahu\u0161\u0165uje \u0159asy, \u010d\u00edm\u017e jim dod\u00e1v\u00e1 na celkov\u00e9m objemu. \u0158asy se neslepuj\u00ed, ka\u017ed\u00e1 \u0159asa je pokryta samostatn\u011b. \u0158asenka se nerozmaz\u00e1v\u00e1, ani neodlupuje a vydr\u017e\u00ed dotv\u00e1\u0159et v\u00e1\u0161 make-up po cel\u00fd den. Sv\u00fdm slo\u017een\u00edm pom\u00e1h\u00e1 \u0159asy vy\u017eivovat a posilovat. A p\u0159edev\u0161\u00edm &#8211; nijak nedr\u00e1\u017ed\u00ed o\u010di! Vhodn\u00e1 je i pro \u017eeny, kter\u00e9 nos\u00ed kontaktn\u00ed \u010do\u010dky. Takov\u00e1 je i \u0159asenka pro citliv\u00e9 o\u010diAll in one mascara od PHB Ethical Beauty. V jej\u00edm slo\u017een\u00ed jsou, mimo jin\u00e9, zastoupeny slo\u017eky jako vosk z r\u00fd\u017eov\u00fdch otrub, karnaubsk\u00fd vosk, olivov\u00fd olej, p\u0159\u00edrodn\u00ed l\u00e1tky, kter\u00e9 vyrovn\u00e1vaj\u00ed PH; neobsahuje parabeny.A jak se pou\u017e\u00edv\u00e1? Stejn\u011b tak, jak jste byly d\u0159\u00edve zvykl\u00e9 u b\u011b\u017en\u00e9 \u0159asenky \u2013 naneste jednu vrstvu a po jej\u00edm zaschnut\u00ed p\u0159idejte druhou, p\u0159\u00edpadn\u011b t\u0159et\u00ed. Na spodn\u00edch \u0159as\u00e1ch je jedna vrstva dosta\u010duj\u00edc\u00ed.Sou\u010dasn\u011b s \u0159asenkou m\u016f\u017eete pou\u017e\u00edvat i exkluzivn\u00ed v\u00fd\u017eivu se s\u00e9rem pro r\u016fst \u0159as a obo\u010d\u00ed, kter\u00e1 je\u0161t\u011b v\u00edc podpo\u0159\u00ed va\u0161i kr\u00e1su zdrav\u00fdm zp\u016fsobem. P\u0159\u00edrodn\u00ed a bio kosmetika toti\u017e &#8211; d\u00edky absenci syntetick\u00fdch slo\u017eek, jako um\u011bl\u00e1 barviva, parfemace \u010di konzervanty \u2013 nezat\u011b\u017euje organismus ani \u017eivotn\u00ed prost\u0159ed\u00ed. Vyzkou\u0161ejte i vy \u00fa\u010dinky \u010dist\u011b p\u0159\u00edrodn\u00edch l\u00e1tek.                                                                                                                                                                                                                                                                                                                                                                                         4.5\/5 - (4 votes)        "},{"@context":"https:\/\/schema.org\/","@type":"BreadcrumbList","itemListElement":[{"@type":"ListItem","position":1,"name":"\u0158asenka pro citliv\u00e9 o\u010di","item":"https:\/\/www.plakatt.cz\/rasenka-pro-citlive-oci\/#breadcrumbitem"}]}]