[{"@context":"https:\/\/schema.org\/","@type":"Article","@id":"https:\/\/www.plakatt.cz\/veganstvi-jako-zivotni-styl\/#Article","mainEntityOfPage":"https:\/\/www.plakatt.cz\/veganstvi-jako-zivotni-styl\/","headline":"Veganstv\u00ed jako \u017eivotn\u00ed styl","name":"Veganstv\u00ed jako \u017eivotn\u00ed styl","description":"Pojmem veganstv\u00ed je ozna\u010dov\u00e1n takov\u00fd zp\u016fsob \u017eivota, kter\u00fd se maxim\u00e1ln\u00edm mo\u017en\u00fdm zp\u016fsobem sna\u017e\u00ed nepod\u00edlet na fungov\u00e1n\u00ed \u017eivo\u010di\u0161n\u00e9ho pr\u016fmyslu. Vegani tedy striktn\u011b odm\u00edtaj\u00ed vyu\u017e\u00edv\u00e1n\u00ed \u017eivo\u010di\u0161n\u00fdch produkt\u016f &hellip; ","datePublished":"2023-05-31","dateModified":"2023-05-31","author":{"@type":"Person","@id":"https:\/\/www.plakatt.cz\/author\/#Person","name":"","url":"https:\/\/www.plakatt.cz\/author\/","identifier":1,"image":{"@type":"ImageObject","@id":"https:\/\/secure.gravatar.com\/avatar\/4ae18345300f35922a2a7b2caa17564b68acab8514eff939a8a019efde378c24?s=96&d=mm&r=g","url":"https:\/\/secure.gravatar.com\/avatar\/4ae18345300f35922a2a7b2caa17564b68acab8514eff939a8a019efde378c24?s=96&d=mm&r=g","height":96,"width":96}},"publisher":{"@type":"Organization","name":"plakatt.cz","logo":{"@type":"ImageObject","@id":"\/logo.png","url":"\/logo.png","width":600,"height":60}},"image":{"@type":"ImageObject","@id":"https:\/\/www.plakatt.cz\/wp-content\/uploads\/img_a338049_w2310_t1550854836.jpg","url":"https:\/\/www.plakatt.cz\/wp-content\/uploads\/img_a338049_w2310_t1550854836.jpg","height":0,"width":0},"url":"https:\/\/www.plakatt.cz\/veganstvi-jako-zivotni-styl\/","wordCount":434,"articleBody":"Pojmem veganstv\u00ed je ozna\u010dov\u00e1n takov\u00fd zp\u016fsob \u017eivota, kter\u00fd se maxim\u00e1ln\u00edm mo\u017en\u00fdm zp\u016fsobem sna\u017e\u00ed nepod\u00edlet na fungov\u00e1n\u00ed \u017eivo\u010di\u0161n\u00e9ho pr\u016fmyslu. Vegani tedy striktn\u011b odm\u00edtaj\u00ed vyu\u017e\u00edv\u00e1n\u00ed \u017eivo\u010di\u0161n\u00fdch produkt\u016f a v\u00fdrobk\u016f, nejen co se stravy t\u00fd\u010de, ale tak\u00e9 v jin\u00fdch oblastech \u017eivota. Tito lid\u00e9 si z\u00e1sadn\u011b nekupuj\u00ed kosmetiku testovanou na zv\u00ed\u0159atech, vyh\u00fdbaj\u00ed se od\u011bv\u016fm i obuvi vyr\u00e1b\u011bn\u00fdm za vyu\u017eit\u00ed jak\u00e9hokoliv \u017eivo\u010di\u0161n\u00e9ho produktu, a tak\u00e9 odm\u00edtaj\u00ed aplikaci l\u00e9\u010div, kter\u00e1 byla na zv\u00ed\u0159atech zkou\u0161ena.&#13; V r\u00e1mci toho, co je a nen\u00ed povoleno, \u010dasto z\u00e1le\u017e\u00ed na d\u016fslednosti doty\u010dn\u00e9 osoby. Nejednozna\u010dn\u00e9 jsou nap\u0159\u00edklad n\u00e1zory na po\u017e\u00edv\u00e1n\u00ed medu. Zap\u0159is\u00e1hl\u00ed vegani maj\u00ed nastudov\u00e1na i fakta ohledn\u011b nejr\u016fzn\u011bj\u0161\u00edch barviv pou\u017e\u00edvan\u00fdch v potravin\u00e1ch v\u010detn\u011b jejich p\u016fvodu a pe\u010dliv\u011b sleduj\u00ed, aby ani barviva \u017eivo\u010di\u0161n\u00e9ho p\u016fvodu nebyla v j\u00eddle p\u0159\u00edtomna.&#13; &#13; Z\u00e1kladem vegansk\u00e9 stravy je tedy ovoce a zelenina, a to bu\u010f syrov\u00e1, nebo r\u016fzn\u00fdmi zp\u016fsoby upraven\u00e1. Sacharidy jsou p\u0159ij\u00edm\u00e1ny v podob\u011b obilovin. Velk\u00fd d\u016fraz je kladen na lu\u0161t\u011bniny a v\u00fdrobky z nich, kter\u00e9 jsou pro vegany zdrojem b\u00edlkovin. Men\u0161\u00ed pod\u00edl na tal\u00ed\u0159i maj\u00ed i semena, o\u0159echy a kl\u00ed\u010dky. N\u011bkte\u0159\u00ed lid\u00e9 p\u0159i t\u00e9to diet\u011b u\u017e\u00edvaj\u00ed i r\u016fzn\u00e9 dopl\u0148ky stravy, obl\u00edben\u00e9 jsou nap\u0159\u00edklad mo\u0159sk\u00e9 \u0159asy jako zdroj mnoha vitam\u00edn\u016f a miner\u00e1ln\u00edch l\u00e1tek.&#13; Motivac\u00ed k tomuto zp\u016fsobu \u017eivota b\u00fdv\u00e1 velmi \u010dasto etick\u00e9 hledisko, kdy doty\u010dn\u00fd nesouhlas\u00ed se zp\u016fsobem, jak\u00fdm je se zv\u00ed\u0159aty v r\u00e1mci \u017eivo\u010di\u0161n\u00e9ho pr\u016fmyslu nakl\u00e1d\u00e1no.&#13; &#13; Najdeme ale i vegany, kte\u0159\u00ed tuto stravu zkusili ze zdravotn\u00edch d\u016fvod\u016f. Tak\u00e9 p\u0159ib\u00fdv\u00e1 t\u011bch, kte\u0159\u00ed se stravuj\u00ed bez \u017eivo\u010di\u0161n\u00fdch produkt\u016f, a jsou motivov\u00e1ni ekologicky. Na v\u00fdrobu dostatku j\u00eddla pro vegana je toti\u017e pot\u0159eba vyu\u017eit\u00ed men\u0161\u00ed plochy zem\u011bd\u011blsk\u00e9 p\u016fdy.&#13; A odkud veganstv\u00ed vlastn\u011b poch\u00e1z\u00ed? Pravdou je, \u017ee v\u016fbec nen\u00ed objevem dne\u0161n\u00ed doby. Veganstv\u00ed se v r\u016fzn\u00e9 form\u011b a zastoupen\u00ed objevuje nap\u0159\u00ed\u010d kulturami i histori\u00ed. Za jeho kol\u00e9bku je nicm\u00e9n\u011b pova\u017eov\u00e1na Indie. Proto jsou vegansk\u00e9 my\u0161lenky a principy \u010dasto spjaty s v\u00fdchodn\u00edmi n\u00e1bo\u017eensk\u00fdmi sm\u011bry.&#13; &#13;                                                                                                                                                                                                                                                                                                                                                                                         4.5\/5 - (6 votes)        "},{"@context":"https:\/\/schema.org\/","@type":"BreadcrumbList","itemListElement":[{"@type":"ListItem","position":1,"name":"Veganstv\u00ed jako \u017eivotn\u00ed styl","item":"https:\/\/www.plakatt.cz\/veganstvi-jako-zivotni-styl\/#breadcrumbitem"}]}]