{"@context":"https:\/\/schema.org\/","@type":"CollectionPage","@id":"https:\/\/www.plakatt.cz\/zeny\/#CollectionPage","headline":"\u017deny Category","description":"","url":"https:\/\/www.plakatt.cz\/zeny\/","hasPart":[{"@type":"Article","@id":"https:\/\/www.plakatt.cz\/setrime-a-varime-levne-jak-zpracovat-stare-pecivo\/","headline":"\u0160et\u0159\u00edme a va\u0159\u00edme levn\u011b: jak zpracovat star\u00e9 pe\u010divo?","url":"https:\/\/www.plakatt.cz\/setrime-a-varime-levne-jak-zpracovat-stare-pecivo\/","datePublished":"2022-12-31","dateModified":"2023-09-08","mainEntityOfPage":"https:\/\/www.plakatt.cz\/setrime-a-varime-levne-jak-zpracovat-stare-pecivo\/","author":{"@type":"Person","@id":"https:\/\/www.plakatt.cz\/author\/#Person","name":"","url":"https:\/\/www.plakatt.cz\/author\/","identifier":1,"image":{"@type":"ImageObject","@id":"https:\/\/secure.gravatar.com\/avatar\/4ae18345300f35922a2a7b2caa17564b68acab8514eff939a8a019efde378c24?s=96&d=mm&r=g","url":"https:\/\/secure.gravatar.com\/avatar\/4ae18345300f35922a2a7b2caa17564b68acab8514eff939a8a019efde378c24?s=96&d=mm&r=g","height":96,"width":96}},"publisher":{"@type":"Organization","name":"plakatt.cz","logo":{"@type":"ImageObject","@id":"\/logo.png","url":"\/logo.png","width":600,"height":60}},"image":{"@type":"ImageObject","@id":"https:\/\/www.plakatt.cz\/wp-content\/uploads\/pexels-polina-tankilevitch-4109372_2.jpg","url":"https:\/\/www.plakatt.cz\/wp-content\/uploads\/pexels-polina-tankilevitch-4109372_2.jpg","height":0,"width":0},"keywords":null},{"@type":"Article","@id":"https:\/\/www.plakatt.cz\/uzijte-si-menstruaci\/","headline":"U\u017eijte si menstruaci","url":"https:\/\/www.plakatt.cz\/uzijte-si-menstruaci\/","datePublished":"2020-03-02","dateModified":"2023-05-31","mainEntityOfPage":"https:\/\/www.plakatt.cz\/uzijte-si-menstruaci\/","author":{"@type":"Person","@id":"https:\/\/www.plakatt.cz\/author\/#Person","name":"","url":"https:\/\/www.plakatt.cz\/author\/","identifier":1,"image":{"@type":"ImageObject","@id":"https:\/\/secure.gravatar.com\/avatar\/4ae18345300f35922a2a7b2caa17564b68acab8514eff939a8a019efde378c24?s=96&d=mm&r=g","url":"https:\/\/secure.gravatar.com\/avatar\/4ae18345300f35922a2a7b2caa17564b68acab8514eff939a8a019efde378c24?s=96&d=mm&r=g","height":96,"width":96}},"publisher":{"@type":"Organization","name":"plakatt.cz","logo":{"@type":"ImageObject","@id":"\/logo.png","url":"\/logo.png","width":600,"height":60}},"image":{"@type":"ImageObject","@id":"https:\/\/www.plakatt.cz\/wp-content\/uploads\/img_a372597_w4218_t1584001690.jpg","url":"https:\/\/www.plakatt.cz\/wp-content\/uploads\/img_a372597_w4218_t1584001690.jpg","height":0,"width":0},"keywords":null},{"@type":"Article","@id":"https:\/\/www.plakatt.cz\/5-veci-ktere-prenaseji-nemilovane-divky-do-jejich-vztahu\/","headline":"5 v\u011bc\u00ed, kter\u00e9 p\u0159en\u00e1\u0161ej\u00ed nemilovan\u00e9 d\u00edvky do jejich vztahu","url":"https:\/\/www.plakatt.cz\/5-veci-ktere-prenaseji-nemilovane-divky-do-jejich-vztahu\/","datePublished":"2020-01-13","dateModified":"2023-05-31","mainEntityOfPage":"https:\/\/www.plakatt.cz\/5-veci-ktere-prenaseji-nemilovane-divky-do-jejich-vztahu\/","author":{"@type":"Person","@id":"https:\/\/www.plakatt.cz\/author\/#Person","name":"","url":"https:\/\/www.plakatt.cz\/author\/","identifier":1,"image":{"@type":"ImageObject","@id":"https:\/\/secure.gravatar.com\/avatar\/4ae18345300f35922a2a7b2caa17564b68acab8514eff939a8a019efde378c24?s=96&d=mm&r=g","url":"https:\/\/secure.gravatar.com\/avatar\/4ae18345300f35922a2a7b2caa17564b68acab8514eff939a8a019efde378c24?s=96&d=mm&r=g","height":96,"width":96}},"publisher":{"@type":"Organization","name":"plakatt.cz","logo":{"@type":"ImageObject","@id":"\/logo.png","url":"\/logo.png","width":600,"height":60}},"image":{"@type":"ImageObject","@id":"https:\/\/www.plakatt.cz\/wp-content\/uploads\/img_a367270_w4218_t1579766211.jpg","url":"https:\/\/www.plakatt.cz\/wp-content\/uploads\/img_a367270_w4218_t1579766211.jpg","height":0,"width":0},"keywords":null},{"@type":"Article","@id":"https:\/\/www.plakatt.cz\/menstruacni-cyklus-je-v-dnesni-dobe-stale-tabu\/","headline":"Menstrua\u010dn\u00ed cyklus je v dne\u0161n\u00ed dob\u011b st\u00e1le tabu","url":"https:\/\/www.plakatt.cz\/menstruacni-cyklus-je-v-dnesni-dobe-stale-tabu\/","datePublished":"2019-12-14","dateModified":"2023-05-31","mainEntityOfPage":"https:\/\/www.plakatt.cz\/menstruacni-cyklus-je-v-dnesni-dobe-stale-tabu\/","author":{"@type":"Person","@id":"https:\/\/www.plakatt.cz\/author\/#Person","name":"","url":"https:\/\/www.plakatt.cz\/author\/","identifier":1,"image":{"@type":"ImageObject","@id":"https:\/\/secure.gravatar.com\/avatar\/4ae18345300f35922a2a7b2caa17564b68acab8514eff939a8a019efde378c24?s=96&d=mm&r=g","url":"https:\/\/secure.gravatar.com\/avatar\/4ae18345300f35922a2a7b2caa17564b68acab8514eff939a8a019efde378c24?s=96&d=mm&r=g","height":96,"width":96}},"publisher":{"@type":"Organization","name":"plakatt.cz","logo":{"@type":"ImageObject","@id":"\/logo.png","url":"\/logo.png","width":600,"height":60}},"image":{"@type":"ImageObject","@id":"https:\/\/www.plakatt.cz\/wp-content\/uploads\/img_a362679_w4183_t1575739398.jpg","url":"https:\/\/www.plakatt.cz\/wp-content\/uploads\/img_a362679_w4183_t1575739398.jpg","height":0,"width":0},"keywords":null}]}